{"id":66,"date":"2010-04-07T13:05:42","date_gmt":"2010-04-07T12:05:42","guid":{"rendered":"http:\/\/www.kaerwa.com\/?p=66"},"modified":"2010-04-07T13:05:42","modified_gmt":"2010-04-07T12:05:42","slug":"groster-frankischer-karwa-umzug-aller-zeiten","status":"publish","type":"post","link":"https:\/\/www.kaerwa.com\/index.php\/fraenkische-kirchweih\/66-groster-frankischer-karwa-umzug-aller-zeiten.html","title":{"rendered":"Gr\u00f6\u00dfter fr\u00e4nkischer K\u00e4rwa-Umzug aller Zeiten"},"content":{"rendered":"<p>Anl\u00e4sslich des &#8220;<a href=\"http:\/\/www.bayern-wolln-mer.net\/blog\/index.php\/archives\/tag-der-franken\/200-tag-der-franken-2010-in-kulmbach.html\" target=\"_blank\">Tages der Franken<\/a>&#8221; in Kulmbach wird der gr\u00f6\u00dfte fr\u00e4nkische Kerwa-Umzug aller Zeiten organisiert! Kerwagruppen aus ganz Franken und den angrenzenden Bundesl\u00e4ndern werden durch die Innenstadt ziehen!<\/p>\n<p>Nun sind wir K\u00e4rwa-, Kerwa- oder gar Kirwaburschen alle gefragt, dass dieser Festzug auch in der Pracht und Gr\u00f6\u00dfe erscheint, wie es der fr\u00e4nkischen Kirchweih zusteht! \ud83d\ude42<br \/>\nAls Dankesch\u00f6n winken Verzehrgutscheine der Kulmbacher Brauerei!<\/p>\n<p>Los geht&#8217;s am <strong>Samstag, den 3. Juli 2010 ab 13:30 Uhr<\/strong> in Kulmbach!<\/p>\n<p>N\u00e4here Infos gibt es hier:<\/p>\n<p><a href=\"http:\/\/www.kulmbach.de\/xist4c\/web\/Kerwa-Umzug_id_10035_.htm\" target=\"_blank\">Stadt Kulmbach<\/a><\/p>\n<p>oder hier bei der:<\/p>\n<p>Tourismus&amp;Veranstaltungsservice<br \/>\nKulmbach, Tel. 09221\/9588-80 oder<br \/>\nrosenbusch(at)tuv.stadt-kulmbach.de<\/p>\n<p>Der gr\u00f6\u00dfte Kerwa-Umzug aller Zeiten ist aber nur ein Teil des reichhaltigen Programms zum Tag der Franken!<\/p>\n<p>Samstag.<br \/>\n\u2022 gr\u00f6\u00dfter fr\u00e4nkischer Kerwa-Umzug aller Zeiten ab 13.30 Uhr<br \/>\n\u2022 Party und Stimmung bis in die Nacht mit Bayern3 auf dem Marktplatz<br \/>\n\u2022 Livemusik und Comedy<br \/>\n\u2022 Starg\u00e4ste <strong>Thomas Gottschalk <\/strong>und Karl-Theodor zu Guttenberg<br \/>\n\u2022 XXL-Samstag mit Shopping bis 24 Uhr<\/p>\n<p>Sonntag.<br \/>\n\u2022 \u00d6kumenischer Gottesdienst auf der Plassenburg<br \/>\n\u2022 Fernsehkoch Alexander Herrmann<br \/>\n\u2022 Moderation Bayern1<br \/>\n\u2022 Kabarett mit Klaus Karl-Kraus<br \/>\n\u2022 Verkaufsoffener Sonntag<\/p>\n<p>Samstag und Sonntag:<br \/>\n\u2022 Franken genie\u00dfen&#8221; mit Bier- und Genussmeile<br \/>\n\u2022 Kultureck&#8221; mit Theater, Musik und Literatur<br \/>\n\u2022 Tourismusb\u00f6rse der Metropolregion<br \/>\n\u2022 Historischer Handwerkermarkt mit \u00fcber 40 Ausstellern<br \/>\n\u2022 Kinderbetreuung<br \/>\n\u2022 Kunstausstellungen uvm.<\/p>\n<p>Komplette Informationen findet Ihr direkt bei<\/p>\n<p><a href=\"http:\/\/tagderfranken.bezirk-oberfranken.de\/\" target=\"_blank\">TagderFranken.de<\/a><\/p>\n","protected":false},"excerpt":{"rendered":"<p>Anl\u00e4sslich des &#8220;Tages der Franken&#8221; in Kulmbach wird der gr\u00f6\u00dfte fr\u00e4nkische Kerwa-Umzug aller Zeiten organisiert! Kerwagruppen aus ganz Franken und den angrenzenden Bundesl\u00e4ndern werden durch die Innenstadt ziehen! Nun sind &hellip; <a class=\"readmore\" href=\"https:\/\/www.kaerwa.com\/index.php\/fraenkische-kirchweih\/66-groster-frankischer-karwa-umzug-aller-zeiten.html\">Continue Reading &rarr;<\/a><\/p>\n","protected":false},"author":2,"featured_media":0,"comment_status":"open","ping_status":"open","sticky":false,"template":"","format":"standard","meta":[],"categories":[14],"tags":[63,43,64],"acf":[],"jetpack_featured_media_url":"","yoast_head":"<!-- This site is optimized with the Yoast SEO plugin v18.2 - https:\/\/yoast.com\/wordpress\/plugins\/seo\/ -->\n<title>Gr\u00f6\u00dfter fr\u00e4nkischer K\u00e4rwa-Umzug aller Zeiten - K\u00e4rwa-Blog<\/title>\n<meta name=\"description\" content=\"Kirchweih R\u00fcckersdorf! Nicht nur f\u00fcr die R\u00fcckersdorfer K\u00e4rwaboum und -madla der H\u00f6hepunkt des Jahres!\" \/>\n<meta name=\"robots\" content=\"index, follow, max-snippet:-1, max-image-preview:large, max-video-preview:-1\" \/>\n<link rel=\"canonical\" href=\"https:\/\/www.kaerwa.com\/index.php\/fraenkische-kirchweih\/66-groster-frankischer-karwa-umzug-aller-zeiten.html\" \/>\n<meta property=\"og:locale\" content=\"de_DE\" \/>\n<meta property=\"og:type\" content=\"article\" \/>\n<meta property=\"og:title\" content=\"Gr\u00f6\u00dfter fr\u00e4nkischer K\u00e4rwa-Umzug aller Zeiten - K\u00e4rwa-Blog\" \/>\n<meta property=\"og:description\" content=\"Kirchweih R\u00fcckersdorf! Nicht nur f\u00fcr die R\u00fcckersdorfer K\u00e4rwaboum und -madla der H\u00f6hepunkt des Jahres!\" \/>\n<meta property=\"og:url\" content=\"https:\/\/www.kaerwa.com\/index.php\/fraenkische-kirchweih\/66-groster-frankischer-karwa-umzug-aller-zeiten.html\" \/>\n<meta property=\"og:site_name\" content=\"K\u00e4rwa-Blog\" \/>\n<meta property=\"article:published_time\" content=\"2010-04-07T12:05:42+00:00\" \/>\n<meta name=\"twitter:card\" content=\"summary_large_image\" \/>\n<meta name=\"twitter:label1\" content=\"Verfasst von\" \/>\n\t<meta name=\"twitter:data1\" content=\"Igor Belarus\" \/>\n\t<meta name=\"twitter:label2\" content=\"Gesch\u00e4tzte Lesezeit\" \/>\n\t<meta name=\"twitter:data2\" content=\"1\u00a0Minute\" \/>\n<script type=\"application\/ld+json\" class=\"yoast-schema-graph\">{\"@context\":\"https:\/\/schema.org\",\"@graph\":[{\"@type\":\"WebSite\",\"@id\":\"https:\/\/www.kaerwa.com\/#website\",\"url\":\"https:\/\/www.kaerwa.com\/\",\"name\":\"K\u00e4rwa-Blog\",\"description\":\"R\u00fcckersdorfer K\u00e4rwaboum und -madla\",\"potentialAction\":[{\"@type\":\"SearchAction\",\"target\":{\"@type\":\"EntryPoint\",\"urlTemplate\":\"https:\/\/www.kaerwa.com\/?s={search_term_string}\"},\"query-input\":\"required name=search_term_string\"}],\"inLanguage\":\"de\"},{\"@type\":\"WebPage\",\"@id\":\"https:\/\/www.kaerwa.com\/index.php\/fraenkische-kirchweih\/66-groster-frankischer-karwa-umzug-aller-zeiten.html#webpage\",\"url\":\"https:\/\/www.kaerwa.com\/index.php\/fraenkische-kirchweih\/66-groster-frankischer-karwa-umzug-aller-zeiten.html\",\"name\":\"Gr\u00f6\u00dfter fr\u00e4nkischer K\u00e4rwa-Umzug aller Zeiten - K\u00e4rwa-Blog\",\"isPartOf\":{\"@id\":\"https:\/\/www.kaerwa.com\/#website\"},\"datePublished\":\"2010-04-07T12:05:42+00:00\",\"dateModified\":\"2010-04-07T12:05:42+00:00\",\"author\":{\"@id\":\"https:\/\/www.kaerwa.com\/#\/schema\/person\/277075e2a39c4b2960eda0b29194988e\"},\"description\":\"Kirchweih R\u00fcckersdorf! Nicht nur f\u00fcr die R\u00fcckersdorfer K\u00e4rwaboum und -madla der H\u00f6hepunkt des Jahres!\",\"breadcrumb\":{\"@id\":\"https:\/\/www.kaerwa.com\/index.php\/fraenkische-kirchweih\/66-groster-frankischer-karwa-umzug-aller-zeiten.html#breadcrumb\"},\"inLanguage\":\"de\",\"potentialAction\":[{\"@type\":\"ReadAction\",\"target\":[\"https:\/\/www.kaerwa.com\/index.php\/fraenkische-kirchweih\/66-groster-frankischer-karwa-umzug-aller-zeiten.html\"]}]},{\"@type\":\"BreadcrumbList\",\"@id\":\"https:\/\/www.kaerwa.com\/index.php\/fraenkische-kirchweih\/66-groster-frankischer-karwa-umzug-aller-zeiten.html#breadcrumb\",\"itemListElement\":[{\"@type\":\"ListItem\",\"position\":1,\"name\":\"Startseite\",\"item\":\"https:\/\/www.kaerwa.com\/\"},{\"@type\":\"ListItem\",\"position\":2,\"name\":\"Gr\u00f6\u00dfter fr\u00e4nkischer K\u00e4rwa-Umzug aller Zeiten\"}]},{\"@type\":\"Person\",\"@id\":\"https:\/\/www.kaerwa.com\/#\/schema\/person\/277075e2a39c4b2960eda0b29194988e\",\"name\":\"Igor Belarus\",\"image\":{\"@type\":\"ImageObject\",\"@id\":\"https:\/\/www.kaerwa.com\/#personlogo\",\"inLanguage\":\"de\",\"url\":\"https:\/\/secure.gravatar.com\/avatar\/0b97045d6c98d00367df4554ebe5d8c4?s=96&d=mm&r=g\",\"contentUrl\":\"https:\/\/secure.gravatar.com\/avatar\/0b97045d6c98d00367df4554ebe5d8c4?s=96&d=mm&r=g\",\"caption\":\"Igor Belarus\"},\"sameAs\":[\"https:\/\/www.kaerwa.com\"],\"url\":\"https:\/\/www.kaerwa.com\/index.php\/author\/andy\"}]}<\/script>\n<!-- \/ Yoast SEO plugin. -->","yoast_head_json":{"title":"Gr\u00f6\u00dfter fr\u00e4nkischer K\u00e4rwa-Umzug aller Zeiten - K\u00e4rwa-Blog","description":"Kirchweih R\u00fcckersdorf! Nicht nur f\u00fcr die R\u00fcckersdorfer K\u00e4rwaboum und -madla der H\u00f6hepunkt des Jahres!","robots":{"index":"index","follow":"follow","max-snippet":"max-snippet:-1","max-image-preview":"max-image-preview:large","max-video-preview":"max-video-preview:-1"},"canonical":"https:\/\/www.kaerwa.com\/index.php\/fraenkische-kirchweih\/66-groster-frankischer-karwa-umzug-aller-zeiten.html","og_locale":"de_DE","og_type":"article","og_title":"Gr\u00f6\u00dfter fr\u00e4nkischer K\u00e4rwa-Umzug aller Zeiten - K\u00e4rwa-Blog","og_description":"Kirchweih R\u00fcckersdorf! Nicht nur f\u00fcr die R\u00fcckersdorfer K\u00e4rwaboum und -madla der H\u00f6hepunkt des Jahres!","og_url":"https:\/\/www.kaerwa.com\/index.php\/fraenkische-kirchweih\/66-groster-frankischer-karwa-umzug-aller-zeiten.html","og_site_name":"K\u00e4rwa-Blog","article_published_time":"2010-04-07T12:05:42+00:00","twitter_card":"summary_large_image","twitter_misc":{"Verfasst von":"Igor Belarus","Gesch\u00e4tzte Lesezeit":"1\u00a0Minute"},"schema":{"@context":"https:\/\/schema.org","@graph":[{"@type":"WebSite","@id":"https:\/\/www.kaerwa.com\/#website","url":"https:\/\/www.kaerwa.com\/","name":"K\u00e4rwa-Blog","description":"R\u00fcckersdorfer K\u00e4rwaboum und -madla","potentialAction":[{"@type":"SearchAction","target":{"@type":"EntryPoint","urlTemplate":"https:\/\/www.kaerwa.com\/?s={search_term_string}"},"query-input":"required name=search_term_string"}],"inLanguage":"de"},{"@type":"WebPage","@id":"https:\/\/www.kaerwa.com\/index.php\/fraenkische-kirchweih\/66-groster-frankischer-karwa-umzug-aller-zeiten.html#webpage","url":"https:\/\/www.kaerwa.com\/index.php\/fraenkische-kirchweih\/66-groster-frankischer-karwa-umzug-aller-zeiten.html","name":"Gr\u00f6\u00dfter fr\u00e4nkischer K\u00e4rwa-Umzug aller Zeiten - K\u00e4rwa-Blog","isPartOf":{"@id":"https:\/\/www.kaerwa.com\/#website"},"datePublished":"2010-04-07T12:05:42+00:00","dateModified":"2010-04-07T12:05:42+00:00","author":{"@id":"https:\/\/www.kaerwa.com\/#\/schema\/person\/277075e2a39c4b2960eda0b29194988e"},"description":"Kirchweih R\u00fcckersdorf! Nicht nur f\u00fcr die R\u00fcckersdorfer K\u00e4rwaboum und -madla der H\u00f6hepunkt des Jahres!","breadcrumb":{"@id":"https:\/\/www.kaerwa.com\/index.php\/fraenkische-kirchweih\/66-groster-frankischer-karwa-umzug-aller-zeiten.html#breadcrumb"},"inLanguage":"de","potentialAction":[{"@type":"ReadAction","target":["https:\/\/www.kaerwa.com\/index.php\/fraenkische-kirchweih\/66-groster-frankischer-karwa-umzug-aller-zeiten.html"]}]},{"@type":"BreadcrumbList","@id":"https:\/\/www.kaerwa.com\/index.php\/fraenkische-kirchweih\/66-groster-frankischer-karwa-umzug-aller-zeiten.html#breadcrumb","itemListElement":[{"@type":"ListItem","position":1,"name":"Startseite","item":"https:\/\/www.kaerwa.com\/"},{"@type":"ListItem","position":2,"name":"Gr\u00f6\u00dfter fr\u00e4nkischer K\u00e4rwa-Umzug aller Zeiten"}]},{"@type":"Person","@id":"https:\/\/www.kaerwa.com\/#\/schema\/person\/277075e2a39c4b2960eda0b29194988e","name":"Igor Belarus","image":{"@type":"ImageObject","@id":"https:\/\/www.kaerwa.com\/#personlogo","inLanguage":"de","url":"https:\/\/secure.gravatar.com\/avatar\/0b97045d6c98d00367df4554ebe5d8c4?s=96&d=mm&r=g","contentUrl":"https:\/\/secure.gravatar.com\/avatar\/0b97045d6c98d00367df4554ebe5d8c4?s=96&d=mm&r=g","caption":"Igor Belarus"},"sameAs":["https:\/\/www.kaerwa.com"],"url":"https:\/\/www.kaerwa.com\/index.php\/author\/andy"}]}},"_links":{"self":[{"href":"https:\/\/www.kaerwa.com\/index.php\/wp-json\/wp\/v2\/posts\/66"}],"collection":[{"href":"https:\/\/www.kaerwa.com\/index.php\/wp-json\/wp\/v2\/posts"}],"about":[{"href":"https:\/\/www.kaerwa.com\/index.php\/wp-json\/wp\/v2\/types\/post"}],"author":[{"embeddable":true,"href":"https:\/\/www.kaerwa.com\/index.php\/wp-json\/wp\/v2\/users\/2"}],"replies":[{"embeddable":true,"href":"https:\/\/www.kaerwa.com\/index.php\/wp-json\/wp\/v2\/comments?post=66"}],"version-history":[{"count":1,"href":"https:\/\/www.kaerwa.com\/index.php\/wp-json\/wp\/v2\/posts\/66\/revisions"}],"predecessor-version":[{"id":67,"href":"https:\/\/www.kaerwa.com\/index.php\/wp-json\/wp\/v2\/posts\/66\/revisions\/67"}],"wp:attachment":[{"href":"https:\/\/www.kaerwa.com\/index.php\/wp-json\/wp\/v2\/media?parent=66"}],"wp:term":[{"taxonomy":"category","embeddable":true,"href":"https:\/\/www.kaerwa.com\/index.php\/wp-json\/wp\/v2\/categories?post=66"},{"taxonomy":"post_tag","embeddable":true,"href":"https:\/\/www.kaerwa.com\/index.php\/wp-json\/wp\/v2\/tags?post=66"}],"curies":[{"name":"wp","href":"https:\/\/api.w.org\/{rel}","templated":true}]}}