{"id":540,"date":"2022-07-04T17:30:28","date_gmt":"2022-07-04T16:30:28","guid":{"rendered":"https:\/\/www.kaerwa.com\/?p=540"},"modified":"2023-07-04T08:27:12","modified_gmt":"2023-07-04T07:27:12","slug":"after-kaeerwa","status":"publish","type":"post","link":"https:\/\/www.kaerwa.com\/index.php\/kaerwablog\/540-after-kaeerwa.html","title":{"rendered":"After-K\u00e4rwa"},"content":{"rendered":"<p><img loading=\"lazy\" class=\"alignleft size-medium wp-image-673\" src=\"https:\/\/www.kaerwa.com\/blog\/wp-content\/uploads\/2022\/07\/PicPick-119-213x300.png\" alt=\"\" width=\"213\" height=\"300\" srcset=\"https:\/\/www.kaerwa.com\/blog\/wp-content\/uploads\/2022\/07\/PicPick-119-213x300.png 213w, https:\/\/www.kaerwa.com\/blog\/wp-content\/uploads\/2022\/07\/PicPick-119-149x210.png 149w, https:\/\/www.kaerwa.com\/blog\/wp-content\/uploads\/2022\/07\/PicPick-119.png 642w\" sizes=\"(max-width: 213px) 100vw, 213px\" \/>Nach der K\u00e4rwa ist<br \/>\nAFTER-K\u00c4RWA<br \/>\nim Berggasthof Ludwigsh\u00f6he<\/p>\n<p>Freitag 7.7. und Samstag 8.7. ab 23 Uhr<\/p>\n<p>Aftershow-Party mit Bar &#8211; Musik &#8211; Partyzelt &#8211; mit DJ Fabs!<\/p>\n","protected":false},"excerpt":{"rendered":"<p>Nach der K\u00e4rwa ist AFTER-K\u00c4RWA im Berggasthof Ludwigsh\u00f6he Freitag 7.7. und Samstag 8.7. ab 23 Uhr Aftershow-Party mit Bar &#8211; Musik &#8211; Partyzelt &#8211; mit DJ Fabs!<\/p>\n","protected":false},"author":3,"featured_media":673,"comment_status":"open","ping_status":"open","sticky":false,"template":"","format":"standard","meta":[],"categories":[1],"tags":[77,78],"acf":[],"jetpack_featured_media_url":"https:\/\/www.kaerwa.com\/blog\/wp-content\/uploads\/2022\/07\/PicPick-119.png","yoast_head":"<!-- This site is optimized with the Yoast SEO plugin v18.2 - https:\/\/yoast.com\/wordpress\/plugins\/seo\/ -->\n<title>After-K\u00e4rwa - K\u00e4rwa-Blog<\/title>\n<meta name=\"description\" content=\"Kirchweih R\u00fcckersdorf! Nicht nur f\u00fcr die R\u00fcckersdorfer K\u00e4rwaboum und -madla der H\u00f6hepunkt des Jahres!\" \/>\n<meta name=\"robots\" content=\"index, follow, max-snippet:-1, max-image-preview:large, max-video-preview:-1\" \/>\n<link rel=\"canonical\" href=\"https:\/\/www.kaerwa.com\/index.php\/kaerwablog\/540-after-kaeerwa.html\" \/>\n<meta property=\"og:locale\" content=\"de_DE\" \/>\n<meta property=\"og:type\" content=\"article\" \/>\n<meta property=\"og:title\" content=\"After-K\u00e4rwa - K\u00e4rwa-Blog\" \/>\n<meta property=\"og:description\" content=\"Kirchweih R\u00fcckersdorf! Nicht nur f\u00fcr die R\u00fcckersdorfer K\u00e4rwaboum und -madla der H\u00f6hepunkt des Jahres!\" \/>\n<meta property=\"og:url\" content=\"https:\/\/www.kaerwa.com\/index.php\/kaerwablog\/540-after-kaeerwa.html\" \/>\n<meta property=\"og:site_name\" content=\"K\u00e4rwa-Blog\" \/>\n<meta property=\"article:published_time\" content=\"2022-07-04T16:30:28+00:00\" \/>\n<meta property=\"article:modified_time\" content=\"2023-07-04T07:27:12+00:00\" \/>\n<meta property=\"og:image\" content=\"https:\/\/www.kaerwa.com\/blog\/wp-content\/uploads\/2022\/07\/PicPick-119.png\" \/>\n\t<meta property=\"og:image:width\" content=\"642\" \/>\n\t<meta property=\"og:image:height\" content=\"905\" \/>\n\t<meta property=\"og:image:type\" content=\"image\/png\" \/>\n<meta name=\"twitter:card\" content=\"summary_large_image\" \/>\n<meta name=\"twitter:label1\" content=\"Verfasst von\" \/>\n\t<meta name=\"twitter:data1\" content=\"Mathias Schreiner\" \/>\n\t<meta name=\"twitter:label2\" content=\"Gesch\u00e4tzte Lesezeit\" \/>\n\t<meta name=\"twitter:data2\" content=\"1\u00a0Minute\" \/>\n<script type=\"application\/ld+json\" class=\"yoast-schema-graph\">{\"@context\":\"https:\/\/schema.org\",\"@graph\":[{\"@type\":\"WebSite\",\"@id\":\"https:\/\/www.kaerwa.com\/#website\",\"url\":\"https:\/\/www.kaerwa.com\/\",\"name\":\"K\u00e4rwa-Blog\",\"description\":\"R\u00fcckersdorfer K\u00e4rwaboum und -madla\",\"potentialAction\":[{\"@type\":\"SearchAction\",\"target\":{\"@type\":\"EntryPoint\",\"urlTemplate\":\"https:\/\/www.kaerwa.com\/?s={search_term_string}\"},\"query-input\":\"required name=search_term_string\"}],\"inLanguage\":\"de\"},{\"@type\":\"ImageObject\",\"@id\":\"https:\/\/www.kaerwa.com\/index.php\/kaerwablog\/540-after-kaeerwa.html#primaryimage\",\"inLanguage\":\"de\",\"url\":\"https:\/\/www.kaerwa.com\/blog\/wp-content\/uploads\/2022\/07\/PicPick-119.png\",\"contentUrl\":\"https:\/\/www.kaerwa.com\/blog\/wp-content\/uploads\/2022\/07\/PicPick-119.png\",\"width\":642,\"height\":905},{\"@type\":\"WebPage\",\"@id\":\"https:\/\/www.kaerwa.com\/index.php\/kaerwablog\/540-after-kaeerwa.html#webpage\",\"url\":\"https:\/\/www.kaerwa.com\/index.php\/kaerwablog\/540-after-kaeerwa.html\",\"name\":\"After-K\u00e4rwa - K\u00e4rwa-Blog\",\"isPartOf\":{\"@id\":\"https:\/\/www.kaerwa.com\/#website\"},\"primaryImageOfPage\":{\"@id\":\"https:\/\/www.kaerwa.com\/index.php\/kaerwablog\/540-after-kaeerwa.html#primaryimage\"},\"datePublished\":\"2022-07-04T16:30:28+00:00\",\"dateModified\":\"2023-07-04T07:27:12+00:00\",\"author\":{\"@id\":\"https:\/\/www.kaerwa.com\/#\/schema\/person\/0d9f1b7a2a5f28d2fa5bab2e2643513d\"},\"description\":\"Kirchweih R\u00fcckersdorf! Nicht nur f\u00fcr die R\u00fcckersdorfer K\u00e4rwaboum und -madla der H\u00f6hepunkt des Jahres!\",\"breadcrumb\":{\"@id\":\"https:\/\/www.kaerwa.com\/index.php\/kaerwablog\/540-after-kaeerwa.html#breadcrumb\"},\"inLanguage\":\"de\",\"potentialAction\":[{\"@type\":\"ReadAction\",\"target\":[\"https:\/\/www.kaerwa.com\/index.php\/kaerwablog\/540-after-kaeerwa.html\"]}]},{\"@type\":\"BreadcrumbList\",\"@id\":\"https:\/\/www.kaerwa.com\/index.php\/kaerwablog\/540-after-kaeerwa.html#breadcrumb\",\"itemListElement\":[{\"@type\":\"ListItem\",\"position\":1,\"name\":\"Startseite\",\"item\":\"https:\/\/www.kaerwa.com\/\"},{\"@type\":\"ListItem\",\"position\":2,\"name\":\"After-K\u00e4rwa\"}]},{\"@type\":\"Person\",\"@id\":\"https:\/\/www.kaerwa.com\/#\/schema\/person\/0d9f1b7a2a5f28d2fa5bab2e2643513d\",\"name\":\"Mathias Schreiner\",\"image\":{\"@type\":\"ImageObject\",\"@id\":\"https:\/\/www.kaerwa.com\/#personlogo\",\"inLanguage\":\"de\",\"url\":\"https:\/\/secure.gravatar.com\/avatar\/54aedef769b9bf36a76a8a2d054d5a7b?s=96&d=mm&r=g\",\"contentUrl\":\"https:\/\/secure.gravatar.com\/avatar\/54aedef769b9bf36a76a8a2d054d5a7b?s=96&d=mm&r=g\",\"caption\":\"Mathias Schreiner\"},\"sameAs\":[\"https:\/\/www.kaerwa.com\"],\"url\":\"https:\/\/www.kaerwa.com\/index.php\/author\/matze\"}]}<\/script>\n<!-- \/ Yoast SEO plugin. -->","yoast_head_json":{"title":"After-K\u00e4rwa - K\u00e4rwa-Blog","description":"Kirchweih R\u00fcckersdorf! Nicht nur f\u00fcr die R\u00fcckersdorfer K\u00e4rwaboum und -madla der H\u00f6hepunkt des Jahres!","robots":{"index":"index","follow":"follow","max-snippet":"max-snippet:-1","max-image-preview":"max-image-preview:large","max-video-preview":"max-video-preview:-1"},"canonical":"https:\/\/www.kaerwa.com\/index.php\/kaerwablog\/540-after-kaeerwa.html","og_locale":"de_DE","og_type":"article","og_title":"After-K\u00e4rwa - K\u00e4rwa-Blog","og_description":"Kirchweih R\u00fcckersdorf! Nicht nur f\u00fcr die R\u00fcckersdorfer K\u00e4rwaboum und -madla der H\u00f6hepunkt des Jahres!","og_url":"https:\/\/www.kaerwa.com\/index.php\/kaerwablog\/540-after-kaeerwa.html","og_site_name":"K\u00e4rwa-Blog","article_published_time":"2022-07-04T16:30:28+00:00","article_modified_time":"2023-07-04T07:27:12+00:00","og_image":[{"width":642,"height":905,"url":"https:\/\/www.kaerwa.com\/blog\/wp-content\/uploads\/2022\/07\/PicPick-119.png","type":"image\/png"}],"twitter_card":"summary_large_image","twitter_misc":{"Verfasst von":"Mathias Schreiner","Gesch\u00e4tzte Lesezeit":"1\u00a0Minute"},"schema":{"@context":"https:\/\/schema.org","@graph":[{"@type":"WebSite","@id":"https:\/\/www.kaerwa.com\/#website","url":"https:\/\/www.kaerwa.com\/","name":"K\u00e4rwa-Blog","description":"R\u00fcckersdorfer K\u00e4rwaboum und -madla","potentialAction":[{"@type":"SearchAction","target":{"@type":"EntryPoint","urlTemplate":"https:\/\/www.kaerwa.com\/?s={search_term_string}"},"query-input":"required name=search_term_string"}],"inLanguage":"de"},{"@type":"ImageObject","@id":"https:\/\/www.kaerwa.com\/index.php\/kaerwablog\/540-after-kaeerwa.html#primaryimage","inLanguage":"de","url":"https:\/\/www.kaerwa.com\/blog\/wp-content\/uploads\/2022\/07\/PicPick-119.png","contentUrl":"https:\/\/www.kaerwa.com\/blog\/wp-content\/uploads\/2022\/07\/PicPick-119.png","width":642,"height":905},{"@type":"WebPage","@id":"https:\/\/www.kaerwa.com\/index.php\/kaerwablog\/540-after-kaeerwa.html#webpage","url":"https:\/\/www.kaerwa.com\/index.php\/kaerwablog\/540-after-kaeerwa.html","name":"After-K\u00e4rwa - K\u00e4rwa-Blog","isPartOf":{"@id":"https:\/\/www.kaerwa.com\/#website"},"primaryImageOfPage":{"@id":"https:\/\/www.kaerwa.com\/index.php\/kaerwablog\/540-after-kaeerwa.html#primaryimage"},"datePublished":"2022-07-04T16:30:28+00:00","dateModified":"2023-07-04T07:27:12+00:00","author":{"@id":"https:\/\/www.kaerwa.com\/#\/schema\/person\/0d9f1b7a2a5f28d2fa5bab2e2643513d"},"description":"Kirchweih R\u00fcckersdorf! Nicht nur f\u00fcr die R\u00fcckersdorfer K\u00e4rwaboum und -madla der H\u00f6hepunkt des Jahres!","breadcrumb":{"@id":"https:\/\/www.kaerwa.com\/index.php\/kaerwablog\/540-after-kaeerwa.html#breadcrumb"},"inLanguage":"de","potentialAction":[{"@type":"ReadAction","target":["https:\/\/www.kaerwa.com\/index.php\/kaerwablog\/540-after-kaeerwa.html"]}]},{"@type":"BreadcrumbList","@id":"https:\/\/www.kaerwa.com\/index.php\/kaerwablog\/540-after-kaeerwa.html#breadcrumb","itemListElement":[{"@type":"ListItem","position":1,"name":"Startseite","item":"https:\/\/www.kaerwa.com\/"},{"@type":"ListItem","position":2,"name":"After-K\u00e4rwa"}]},{"@type":"Person","@id":"https:\/\/www.kaerwa.com\/#\/schema\/person\/0d9f1b7a2a5f28d2fa5bab2e2643513d","name":"Mathias Schreiner","image":{"@type":"ImageObject","@id":"https:\/\/www.kaerwa.com\/#personlogo","inLanguage":"de","url":"https:\/\/secure.gravatar.com\/avatar\/54aedef769b9bf36a76a8a2d054d5a7b?s=96&d=mm&r=g","contentUrl":"https:\/\/secure.gravatar.com\/avatar\/54aedef769b9bf36a76a8a2d054d5a7b?s=96&d=mm&r=g","caption":"Mathias Schreiner"},"sameAs":["https:\/\/www.kaerwa.com"],"url":"https:\/\/www.kaerwa.com\/index.php\/author\/matze"}]}},"_links":{"self":[{"href":"https:\/\/www.kaerwa.com\/index.php\/wp-json\/wp\/v2\/posts\/540"}],"collection":[{"href":"https:\/\/www.kaerwa.com\/index.php\/wp-json\/wp\/v2\/posts"}],"about":[{"href":"https:\/\/www.kaerwa.com\/index.php\/wp-json\/wp\/v2\/types\/post"}],"author":[{"embeddable":true,"href":"https:\/\/www.kaerwa.com\/index.php\/wp-json\/wp\/v2\/users\/3"}],"replies":[{"embeddable":true,"href":"https:\/\/www.kaerwa.com\/index.php\/wp-json\/wp\/v2\/comments?post=540"}],"version-history":[{"count":6,"href":"https:\/\/www.kaerwa.com\/index.php\/wp-json\/wp\/v2\/posts\/540\/revisions"}],"predecessor-version":[{"id":674,"href":"https:\/\/www.kaerwa.com\/index.php\/wp-json\/wp\/v2\/posts\/540\/revisions\/674"}],"wp:featuredmedia":[{"embeddable":true,"href":"https:\/\/www.kaerwa.com\/index.php\/wp-json\/wp\/v2\/media\/673"}],"wp:attachment":[{"href":"https:\/\/www.kaerwa.com\/index.php\/wp-json\/wp\/v2\/media?parent=540"}],"wp:term":[{"taxonomy":"category","embeddable":true,"href":"https:\/\/www.kaerwa.com\/index.php\/wp-json\/wp\/v2\/categories?post=540"},{"taxonomy":"post_tag","embeddable":true,"href":"https:\/\/www.kaerwa.com\/index.php\/wp-json\/wp\/v2\/tags?post=540"}],"curies":[{"name":"wp","href":"https:\/\/api.w.org\/{rel}","templated":true}]}}