{"id":249,"date":"2017-06-13T14:48:34","date_gmt":"2017-06-13T12:48:34","guid":{"rendered":"http:\/\/www.kaerwa.com\/?p=249"},"modified":"2018-06-29T15:30:44","modified_gmt":"2018-06-29T13:30:44","slug":"rueckersdorfer-kirchweihprogramm-2017","status":"publish","type":"post","link":"https:\/\/www.kaerwa.com\/index.php\/fraenkische-kirchweih\/249-rueckersdorfer-kirchweihprogramm-2017.html","title":{"rendered":"R\u00fcckersdorfer Kirchweihprogramm 2017"},"content":{"rendered":"<p>Es geht wieder los! R\u00fcckersdorf in Mittelfranken bereitet sich auf die sch\u00f6nste Jahreszeit vor: Die K\u00e4rwa! Die R\u00fcckersdorfer K\u00e4rwaboum und -madla sind schon bereit:<br \/>\n<a href=\"https:\/\/www.kaerwa.com\/blog\/wp-content\/uploads\/2017\/06\/Kaerwa2017.jpg\"><img loading=\"lazy\" class=\"size-medium wp-image-250 aligncenter\" src=\"https:\/\/www.kaerwa.com\/blog\/wp-content\/uploads\/2017\/06\/Kaerwa2017-300x178.jpg\" alt=\"\" width=\"300\" height=\"178\" srcset=\"https:\/\/www.kaerwa.com\/blog\/wp-content\/uploads\/2017\/06\/Kaerwa2017-300x178.jpg 300w, https:\/\/www.kaerwa.com\/blog\/wp-content\/uploads\/2017\/06\/Kaerwa2017-768x455.jpg 768w, https:\/\/www.kaerwa.com\/blog\/wp-content\/uploads\/2017\/06\/Kaerwa2017.jpg 1024w, https:\/\/www.kaerwa.com\/blog\/wp-content\/uploads\/2017\/06\/Kaerwa2017-210x124.jpg 210w\" sizes=\"(max-width: 300px) 100vw, 300px\" \/><\/a><\/p>\n<p style=\"text-align: center;\"><strong>Programm der K\u00e4rwa 2017<\/strong><\/p>\n<p style=\"text-align: center;\"><strong>Freitag, 07. Juli 2017<\/strong><\/p>\n<p><strong>19:00 Uhr<\/strong> &#8211; Empfang der Kirchweihg\u00e4ste und -besucher am Eingang zum Festplatz durch die K\u00e4rwa-Kids und den K\u00e4rwa-Musikern<br \/>\n<strong>19:30 Uhr<\/strong> &#8211; Offizielle Kirchweiher\u00f6ffnung durch den Bieranstich des Ersten B\u00fcrgermeisters Manfred Hofmann<br \/>\n<strong>ab ca. 18:00 Uhr<\/strong> &#8211; Unterhaltungsmusik im Festzelt mit Alexandra Schmied<\/p>\n<p style=\"text-align: center;\"><strong>Samstag, 08. Juli 2017<\/strong><\/p>\n<p><strong>16:30 Uhr<\/strong> &#8211; Einholen des Kirchweihbaumes mit der Musikkapelle Durnholz aus unserer Partnergemeinde Sarntal\/S\u00fcdtirol<br \/>\n<strong>17:00 Uhr<\/strong> &#8211; Aufstellen des Kirchweihbaumes<br \/>\n<strong>ab 18:30 Uhr<\/strong> &#8211; spielt die Band &#8220;<a href=\"http:\/\/www.oberpfaelzer-spitzboum.de\/\" target=\"_blank\" rel=\"noopener noreferrer\">Oberpf\u00e4lzer Spitzboum<\/a>&#8221; im Festzelt<\/p>\n<p style=\"text-align: center;\"><strong>Sonntag, 09. Juli 2017<\/strong><\/p>\n<p><strong>10:00 Uhr<\/strong> &#8211; \u00d6kumen. Gottesdienst mit beiden Geistlichen im Festzelt \u2013 musikalisch gestaltet von der Musikkapelle aus Durnholz<br \/>\n<strong>ab 11:00 Uhr<\/strong> &#8211; Fr\u00fchschoppen mit der Musikkapelle aus Durnholz im Festzelt<br \/>\n<strong>14:00 &#8211; 16:30 Uhr<\/strong> &#8211; Kindertrempelmarkt im Schlosshof<br \/>\n<strong>17:30 Uhr<\/strong> &#8211; Kinder-Baumaustanzen<br \/>\n<strong>18:00 Uhr<\/strong> &#8211; Unterhaltungsmusik im Festzelt mit &#8220;<a href=\"http:\/\/www.diedachse.de\/\" target=\"_blank\" rel=\"noopener noreferrer\">Die Dachse<\/a>&#8221;<br \/>\n<strong>ganzt\u00e4gig<\/strong> &#8211; Eilwagenfahren der Kerwaboum und -madla<\/p>\n<p style=\"text-align: center;\"><strong>Montag, 10. Juli 2017<\/strong><\/p>\n<p><strong>14:00 &#8211; 16:00 Uhr<\/strong> &#8211; Kindernachmittag &#8211; es gelten erm\u00e4\u00dfigte Preise<br \/>\n<strong>14:00 &#8211; ca. 14:45 Uhr<\/strong> &#8211; &#8220;Zauberm\u00e4rchen&#8221; mit dem &#8220;Purzeltraumtheater&#8221; im Festzelt<br \/>\n<strong>18:00 Uhr<\/strong> &#8211; Musik mit &#8220;DJ Oli&#8221; im Festzelt<br \/>\n<strong>19:30 Uhr<\/strong> &#8211; Austanzen des Kirchweihbaumes<\/p>\n<p style=\"text-align: center;\"><strong>Dienstag, 11. Juli 2017<\/strong><\/p>\n<p><strong>18:30 Uhr<\/strong> &#8211; Zug der Schubkarren vom Parkplatz \u201eB\u00fcrgersaal\u201c \u00fcber die B 14 zur Schlo\u00dfgasse;<br \/>\nbegleitet von dem Spielmannszug &#8220;<a href=\"http:\/\/spielmannszug.tsv-lauf.de\/der-spielmannszug\/\" target=\"_blank\" rel=\"noopener noreferrer\">Das Original<\/a>&#8221; aus Lauf, Schubkarrenrennen mit Siegerehrung<br \/>\nzum Ausklang spielen im Festzelt\u00a0&#8220;<a href=\"http:\/\/www.diehaberloher.de\/\" target=\"_blank\" rel=\"noopener noreferrer\">Haberloher Musikanten<\/a>&#8221;<br \/>\n<strong>ca. 21:30 Uhr<\/strong> &#8211; Verlosung des Kirchweihbaumes<\/p>\n<p><strong>\u201e\u00c4nderungen vorbehalten\u201c<\/strong><\/p>\n","protected":false},"excerpt":{"rendered":"<p>Es geht wieder los! R\u00fcckersdorf in Mittelfranken bereitet sich auf die sch\u00f6nste Jahreszeit vor: Die K\u00e4rwa! Die R\u00fcckersdorfer K\u00e4rwaboum und -madla sind schon bereit: Programm der K\u00e4rwa 2017 Freitag, 07. &hellip; <a class=\"readmore\" href=\"https:\/\/www.kaerwa.com\/index.php\/fraenkische-kirchweih\/249-rueckersdorfer-kirchweihprogramm-2017.html\">Continue Reading &rarr;<\/a><\/p>\n","protected":false},"author":2,"featured_media":250,"comment_status":"open","ping_status":"open","sticky":false,"template":"","format":"standard","meta":[],"categories":[14],"tags":[67,65,21],"acf":[],"jetpack_featured_media_url":"https:\/\/www.kaerwa.com\/blog\/wp-content\/uploads\/2017\/06\/Kaerwa2017.jpg","yoast_head":"<!-- This site is optimized with the Yoast SEO plugin v18.2 - https:\/\/yoast.com\/wordpress\/plugins\/seo\/ -->\n<title>R\u00fcckersdorfer Kirchweihprogramm 2017 - K\u00e4rwa-Blog<\/title>\n<meta name=\"description\" content=\"Kirchweih R\u00fcckersdorf! Nicht nur f\u00fcr die R\u00fcckersdorfer K\u00e4rwaboum und -madla der H\u00f6hepunkt des Jahres!\" \/>\n<meta name=\"robots\" content=\"index, follow, max-snippet:-1, max-image-preview:large, max-video-preview:-1\" \/>\n<link rel=\"canonical\" href=\"https:\/\/www.kaerwa.com\/index.php\/fraenkische-kirchweih\/249-rueckersdorfer-kirchweihprogramm-2017.html\" \/>\n<meta property=\"og:locale\" content=\"de_DE\" \/>\n<meta property=\"og:type\" content=\"article\" \/>\n<meta property=\"og:title\" content=\"R\u00fcckersdorfer Kirchweihprogramm 2017 - K\u00e4rwa-Blog\" \/>\n<meta property=\"og:description\" content=\"Kirchweih R\u00fcckersdorf! Nicht nur f\u00fcr die R\u00fcckersdorfer K\u00e4rwaboum und -madla der H\u00f6hepunkt des Jahres!\" \/>\n<meta property=\"og:url\" content=\"https:\/\/www.kaerwa.com\/index.php\/fraenkische-kirchweih\/249-rueckersdorfer-kirchweihprogramm-2017.html\" \/>\n<meta property=\"og:site_name\" content=\"K\u00e4rwa-Blog\" \/>\n<meta property=\"article:published_time\" content=\"2017-06-13T12:48:34+00:00\" \/>\n<meta property=\"article:modified_time\" content=\"2018-06-29T13:30:44+00:00\" \/>\n<meta property=\"og:image\" content=\"https:\/\/www.kaerwa.com\/blog\/wp-content\/uploads\/2017\/06\/Kaerwa2017.jpg\" \/>\n\t<meta property=\"og:image:width\" content=\"1024\" \/>\n\t<meta property=\"og:image:height\" content=\"607\" \/>\n\t<meta property=\"og:image:type\" content=\"image\/jpeg\" \/>\n<meta name=\"twitter:card\" content=\"summary_large_image\" \/>\n<meta name=\"twitter:label1\" content=\"Verfasst von\" \/>\n\t<meta name=\"twitter:data1\" content=\"Igor Belarus\" \/>\n\t<meta name=\"twitter:label2\" content=\"Gesch\u00e4tzte Lesezeit\" \/>\n\t<meta name=\"twitter:data2\" content=\"1\u00a0Minute\" \/>\n<script type=\"application\/ld+json\" class=\"yoast-schema-graph\">{\"@context\":\"https:\/\/schema.org\",\"@graph\":[{\"@type\":\"WebSite\",\"@id\":\"https:\/\/www.kaerwa.com\/#website\",\"url\":\"https:\/\/www.kaerwa.com\/\",\"name\":\"K\u00e4rwa-Blog\",\"description\":\"R\u00fcckersdorfer K\u00e4rwaboum und -madla\",\"potentialAction\":[{\"@type\":\"SearchAction\",\"target\":{\"@type\":\"EntryPoint\",\"urlTemplate\":\"https:\/\/www.kaerwa.com\/?s={search_term_string}\"},\"query-input\":\"required name=search_term_string\"}],\"inLanguage\":\"de\"},{\"@type\":\"ImageObject\",\"@id\":\"https:\/\/www.kaerwa.com\/index.php\/fraenkische-kirchweih\/249-rueckersdorfer-kirchweihprogramm-2017.html#primaryimage\",\"inLanguage\":\"de\",\"url\":\"https:\/\/www.kaerwa.com\/blog\/wp-content\/uploads\/2017\/06\/Kaerwa2017.jpg\",\"contentUrl\":\"https:\/\/www.kaerwa.com\/blog\/wp-content\/uploads\/2017\/06\/Kaerwa2017.jpg\",\"width\":1024,\"height\":607},{\"@type\":\"WebPage\",\"@id\":\"https:\/\/www.kaerwa.com\/index.php\/fraenkische-kirchweih\/249-rueckersdorfer-kirchweihprogramm-2017.html#webpage\",\"url\":\"https:\/\/www.kaerwa.com\/index.php\/fraenkische-kirchweih\/249-rueckersdorfer-kirchweihprogramm-2017.html\",\"name\":\"R\u00fcckersdorfer Kirchweihprogramm 2017 - K\u00e4rwa-Blog\",\"isPartOf\":{\"@id\":\"https:\/\/www.kaerwa.com\/#website\"},\"primaryImageOfPage\":{\"@id\":\"https:\/\/www.kaerwa.com\/index.php\/fraenkische-kirchweih\/249-rueckersdorfer-kirchweihprogramm-2017.html#primaryimage\"},\"datePublished\":\"2017-06-13T12:48:34+00:00\",\"dateModified\":\"2018-06-29T13:30:44+00:00\",\"author\":{\"@id\":\"https:\/\/www.kaerwa.com\/#\/schema\/person\/277075e2a39c4b2960eda0b29194988e\"},\"description\":\"Kirchweih R\u00fcckersdorf! Nicht nur f\u00fcr die R\u00fcckersdorfer K\u00e4rwaboum und -madla der H\u00f6hepunkt des Jahres!\",\"breadcrumb\":{\"@id\":\"https:\/\/www.kaerwa.com\/index.php\/fraenkische-kirchweih\/249-rueckersdorfer-kirchweihprogramm-2017.html#breadcrumb\"},\"inLanguage\":\"de\",\"potentialAction\":[{\"@type\":\"ReadAction\",\"target\":[\"https:\/\/www.kaerwa.com\/index.php\/fraenkische-kirchweih\/249-rueckersdorfer-kirchweihprogramm-2017.html\"]}]},{\"@type\":\"BreadcrumbList\",\"@id\":\"https:\/\/www.kaerwa.com\/index.php\/fraenkische-kirchweih\/249-rueckersdorfer-kirchweihprogramm-2017.html#breadcrumb\",\"itemListElement\":[{\"@type\":\"ListItem\",\"position\":1,\"name\":\"Startseite\",\"item\":\"https:\/\/www.kaerwa.com\/\"},{\"@type\":\"ListItem\",\"position\":2,\"name\":\"R\u00fcckersdorfer Kirchweihprogramm 2017\"}]},{\"@type\":\"Person\",\"@id\":\"https:\/\/www.kaerwa.com\/#\/schema\/person\/277075e2a39c4b2960eda0b29194988e\",\"name\":\"Igor Belarus\",\"image\":{\"@type\":\"ImageObject\",\"@id\":\"https:\/\/www.kaerwa.com\/#personlogo\",\"inLanguage\":\"de\",\"url\":\"https:\/\/secure.gravatar.com\/avatar\/0b97045d6c98d00367df4554ebe5d8c4?s=96&d=mm&r=g\",\"contentUrl\":\"https:\/\/secure.gravatar.com\/avatar\/0b97045d6c98d00367df4554ebe5d8c4?s=96&d=mm&r=g\",\"caption\":\"Igor Belarus\"},\"sameAs\":[\"https:\/\/www.kaerwa.com\"],\"url\":\"https:\/\/www.kaerwa.com\/index.php\/author\/andy\"}]}<\/script>\n<!-- \/ Yoast SEO plugin. -->","yoast_head_json":{"title":"R\u00fcckersdorfer Kirchweihprogramm 2017 - K\u00e4rwa-Blog","description":"Kirchweih R\u00fcckersdorf! Nicht nur f\u00fcr die R\u00fcckersdorfer K\u00e4rwaboum und -madla der H\u00f6hepunkt des Jahres!","robots":{"index":"index","follow":"follow","max-snippet":"max-snippet:-1","max-image-preview":"max-image-preview:large","max-video-preview":"max-video-preview:-1"},"canonical":"https:\/\/www.kaerwa.com\/index.php\/fraenkische-kirchweih\/249-rueckersdorfer-kirchweihprogramm-2017.html","og_locale":"de_DE","og_type":"article","og_title":"R\u00fcckersdorfer Kirchweihprogramm 2017 - K\u00e4rwa-Blog","og_description":"Kirchweih R\u00fcckersdorf! Nicht nur f\u00fcr die R\u00fcckersdorfer K\u00e4rwaboum und -madla der H\u00f6hepunkt des Jahres!","og_url":"https:\/\/www.kaerwa.com\/index.php\/fraenkische-kirchweih\/249-rueckersdorfer-kirchweihprogramm-2017.html","og_site_name":"K\u00e4rwa-Blog","article_published_time":"2017-06-13T12:48:34+00:00","article_modified_time":"2018-06-29T13:30:44+00:00","og_image":[{"width":1024,"height":607,"url":"https:\/\/www.kaerwa.com\/blog\/wp-content\/uploads\/2017\/06\/Kaerwa2017.jpg","type":"image\/jpeg"}],"twitter_card":"summary_large_image","twitter_misc":{"Verfasst von":"Igor Belarus","Gesch\u00e4tzte Lesezeit":"1\u00a0Minute"},"schema":{"@context":"https:\/\/schema.org","@graph":[{"@type":"WebSite","@id":"https:\/\/www.kaerwa.com\/#website","url":"https:\/\/www.kaerwa.com\/","name":"K\u00e4rwa-Blog","description":"R\u00fcckersdorfer K\u00e4rwaboum und -madla","potentialAction":[{"@type":"SearchAction","target":{"@type":"EntryPoint","urlTemplate":"https:\/\/www.kaerwa.com\/?s={search_term_string}"},"query-input":"required name=search_term_string"}],"inLanguage":"de"},{"@type":"ImageObject","@id":"https:\/\/www.kaerwa.com\/index.php\/fraenkische-kirchweih\/249-rueckersdorfer-kirchweihprogramm-2017.html#primaryimage","inLanguage":"de","url":"https:\/\/www.kaerwa.com\/blog\/wp-content\/uploads\/2017\/06\/Kaerwa2017.jpg","contentUrl":"https:\/\/www.kaerwa.com\/blog\/wp-content\/uploads\/2017\/06\/Kaerwa2017.jpg","width":1024,"height":607},{"@type":"WebPage","@id":"https:\/\/www.kaerwa.com\/index.php\/fraenkische-kirchweih\/249-rueckersdorfer-kirchweihprogramm-2017.html#webpage","url":"https:\/\/www.kaerwa.com\/index.php\/fraenkische-kirchweih\/249-rueckersdorfer-kirchweihprogramm-2017.html","name":"R\u00fcckersdorfer Kirchweihprogramm 2017 - K\u00e4rwa-Blog","isPartOf":{"@id":"https:\/\/www.kaerwa.com\/#website"},"primaryImageOfPage":{"@id":"https:\/\/www.kaerwa.com\/index.php\/fraenkische-kirchweih\/249-rueckersdorfer-kirchweihprogramm-2017.html#primaryimage"},"datePublished":"2017-06-13T12:48:34+00:00","dateModified":"2018-06-29T13:30:44+00:00","author":{"@id":"https:\/\/www.kaerwa.com\/#\/schema\/person\/277075e2a39c4b2960eda0b29194988e"},"description":"Kirchweih R\u00fcckersdorf! Nicht nur f\u00fcr die R\u00fcckersdorfer K\u00e4rwaboum und -madla der H\u00f6hepunkt des Jahres!","breadcrumb":{"@id":"https:\/\/www.kaerwa.com\/index.php\/fraenkische-kirchweih\/249-rueckersdorfer-kirchweihprogramm-2017.html#breadcrumb"},"inLanguage":"de","potentialAction":[{"@type":"ReadAction","target":["https:\/\/www.kaerwa.com\/index.php\/fraenkische-kirchweih\/249-rueckersdorfer-kirchweihprogramm-2017.html"]}]},{"@type":"BreadcrumbList","@id":"https:\/\/www.kaerwa.com\/index.php\/fraenkische-kirchweih\/249-rueckersdorfer-kirchweihprogramm-2017.html#breadcrumb","itemListElement":[{"@type":"ListItem","position":1,"name":"Startseite","item":"https:\/\/www.kaerwa.com\/"},{"@type":"ListItem","position":2,"name":"R\u00fcckersdorfer Kirchweihprogramm 2017"}]},{"@type":"Person","@id":"https:\/\/www.kaerwa.com\/#\/schema\/person\/277075e2a39c4b2960eda0b29194988e","name":"Igor Belarus","image":{"@type":"ImageObject","@id":"https:\/\/www.kaerwa.com\/#personlogo","inLanguage":"de","url":"https:\/\/secure.gravatar.com\/avatar\/0b97045d6c98d00367df4554ebe5d8c4?s=96&d=mm&r=g","contentUrl":"https:\/\/secure.gravatar.com\/avatar\/0b97045d6c98d00367df4554ebe5d8c4?s=96&d=mm&r=g","caption":"Igor Belarus"},"sameAs":["https:\/\/www.kaerwa.com"],"url":"https:\/\/www.kaerwa.com\/index.php\/author\/andy"}]}},"_links":{"self":[{"href":"https:\/\/www.kaerwa.com\/index.php\/wp-json\/wp\/v2\/posts\/249"}],"collection":[{"href":"https:\/\/www.kaerwa.com\/index.php\/wp-json\/wp\/v2\/posts"}],"about":[{"href":"https:\/\/www.kaerwa.com\/index.php\/wp-json\/wp\/v2\/types\/post"}],"author":[{"embeddable":true,"href":"https:\/\/www.kaerwa.com\/index.php\/wp-json\/wp\/v2\/users\/2"}],"replies":[{"embeddable":true,"href":"https:\/\/www.kaerwa.com\/index.php\/wp-json\/wp\/v2\/comments?post=249"}],"version-history":[{"count":6,"href":"https:\/\/www.kaerwa.com\/index.php\/wp-json\/wp\/v2\/posts\/249\/revisions"}],"predecessor-version":[{"id":277,"href":"https:\/\/www.kaerwa.com\/index.php\/wp-json\/wp\/v2\/posts\/249\/revisions\/277"}],"wp:featuredmedia":[{"embeddable":true,"href":"https:\/\/www.kaerwa.com\/index.php\/wp-json\/wp\/v2\/media\/250"}],"wp:attachment":[{"href":"https:\/\/www.kaerwa.com\/index.php\/wp-json\/wp\/v2\/media?parent=249"}],"wp:term":[{"taxonomy":"category","embeddable":true,"href":"https:\/\/www.kaerwa.com\/index.php\/wp-json\/wp\/v2\/categories?post=249"},{"taxonomy":"post_tag","embeddable":true,"href":"https:\/\/www.kaerwa.com\/index.php\/wp-json\/wp\/v2\/tags?post=249"}],"curies":[{"name":"wp","href":"https:\/\/api.w.org\/{rel}","templated":true}]}}