{"id":233,"date":"2016-06-14T15:21:43","date_gmt":"2016-06-14T13:21:43","guid":{"rendered":"http:\/\/www.kaerwa.com\/?p=233"},"modified":"2016-06-14T15:41:03","modified_gmt":"2016-06-14T13:41:03","slug":"das-kirchweih-team-2016","status":"publish","type":"post","link":"https:\/\/www.kaerwa.com\/index.php\/kaerwabilder\/233-das-kirchweih-team-2016.html","title":{"rendered":"Das Kirchweih-Team 2016"},"content":{"rendered":"<p>Die n\u00e4chste K\u00e4rwa in R\u00fcckersdorf ist im Anmarsch! Der H\u00f6hepunkt schlechthin in der kleinen Gemeinde in <a href=\"http:\/\/mfr.die-franken.eu\/\" target=\"_blank\">Mittelfranken<\/a>! Die R\u00fcckersdorfer K\u00e4rwaboum und -madla stecken schon wieder in den Vorbereitungen um f\u00fcr <a href=\"https:\/\/www.kaerwa.com\/index.php\/kaerwabilder\/5-bilder-der-kaerwa-2006.html\" target=\"_blank\">Baumaufstellen<\/a>, <a href=\"https:\/\/www.kaerwa.com\/index.php\/kaerwa-kerwa-kirwa\/14-traditionen-was-ist-vogelsuppenessen.html\" target=\"_blank\">Vogelsuppenessen<\/a>, <a href=\"https:\/\/www.kaerwa.com\/index.php\/kaerwabilder\/8-bilder-der-kaerwa-2004.html\" target=\"_blank\">Eilwagenfahren <\/a>usw. Nat\u00fcrlich wird wie immer mit dem\u00a0Gruppenfoto f\u00fcr die Presse gestartet &#8211; nat\u00fcrlich mit <a href=\"http:\/\/frankenfahne.de\/\" target=\"_blank\">Frankenfahne<\/a>:<\/p>\n<p><a href=\"https:\/\/www.kaerwa.com\/blog\/wp-content\/uploads\/2016\/06\/K\u00e4rwa2016.jpg\"><img loading=\"lazy\" class=\"size-medium wp-image-235 aligncenter\" src=\"https:\/\/www.kaerwa.com\/blog\/wp-content\/uploads\/2016\/06\/K\u00e4rwa2016-300x163.jpg\" alt=\"K\u00e4rwa2016\" width=\"300\" height=\"163\" srcset=\"https:\/\/www.kaerwa.com\/blog\/wp-content\/uploads\/2016\/06\/K\u00e4rwa2016-300x163.jpg 300w, https:\/\/www.kaerwa.com\/blog\/wp-content\/uploads\/2016\/06\/K\u00e4rwa2016-210x114.jpg 210w, https:\/\/www.kaerwa.com\/blog\/wp-content\/uploads\/2016\/06\/K\u00e4rwa2016.jpg 500w\" sizes=\"(max-width: 300px) 100vw, 300px\" \/><\/a><\/p>\n<p style=\"text-align: center;\"><strong>K\u00e4rwamadla:<\/strong><br \/>\n<a href=\"https:\/\/www.kaerwa.com\/blog\/wp-content\/uploads\/2016\/06\/WP_20160608_18_22_36_Pro.jpg\"><img loading=\"lazy\" class=\"size-medium wp-image-236 aligncenter\" src=\"https:\/\/www.kaerwa.com\/blog\/wp-content\/uploads\/2016\/06\/WP_20160608_18_22_36_Pro-300x158.jpg\" alt=\"WP_20160608_18_22_36_Pro\" width=\"300\" height=\"158\" srcset=\"https:\/\/www.kaerwa.com\/blog\/wp-content\/uploads\/2016\/06\/WP_20160608_18_22_36_Pro-300x158.jpg 300w, https:\/\/www.kaerwa.com\/blog\/wp-content\/uploads\/2016\/06\/WP_20160608_18_22_36_Pro-210x110.jpg 210w, https:\/\/www.kaerwa.com\/blog\/wp-content\/uploads\/2016\/06\/WP_20160608_18_22_36_Pro.jpg 500w\" sizes=\"(max-width: 300px) 100vw, 300px\" \/><\/a><\/p>\n<p style=\"text-align: center;\"><strong>K\u00e4rwaboum:<\/strong><br \/>\n<a href=\"https:\/\/www.kaerwa.com\/blog\/wp-content\/uploads\/2016\/06\/WP_20160608_18_24_07_Pro.jpg\"><img loading=\"lazy\" class=\"aligncenter size-medium wp-image-234\" src=\"https:\/\/www.kaerwa.com\/blog\/wp-content\/uploads\/2016\/06\/WP_20160608_18_24_07_Pro-300x165.jpg\" alt=\"WP_20160608_18_24_07_Pro\" width=\"300\" height=\"165\" srcset=\"https:\/\/www.kaerwa.com\/blog\/wp-content\/uploads\/2016\/06\/WP_20160608_18_24_07_Pro-300x165.jpg 300w, https:\/\/www.kaerwa.com\/blog\/wp-content\/uploads\/2016\/06\/WP_20160608_18_24_07_Pro-210x116.jpg 210w, https:\/\/www.kaerwa.com\/blog\/wp-content\/uploads\/2016\/06\/WP_20160608_18_24_07_Pro.jpg 500w\" sizes=\"(max-width: 300px) 100vw, 300px\" \/><\/a><\/p>\n","protected":false},"excerpt":{"rendered":"<p>Die n\u00e4chste K\u00e4rwa in R\u00fcckersdorf ist im Anmarsch! Der H\u00f6hepunkt schlechthin in der kleinen Gemeinde in Mittelfranken! Die R\u00fcckersdorfer K\u00e4rwaboum und -madla stecken schon wieder in den Vorbereitungen um f\u00fcr &hellip; <a class=\"readmore\" href=\"https:\/\/www.kaerwa.com\/index.php\/kaerwabilder\/233-das-kirchweih-team-2016.html\">Continue Reading &rarr;<\/a><\/p>\n","protected":false},"author":2,"featured_media":244,"comment_status":"open","ping_status":"open","sticky":false,"template":"","format":"standard","meta":[],"categories":[2],"tags":[67],"acf":[],"jetpack_featured_media_url":"https:\/\/www.kaerwa.com\/blog\/wp-content\/uploads\/2016\/06\/K\u00e4rwa2016-1.jpg","yoast_head":"<!-- This site is optimized with the Yoast SEO plugin v18.2 - https:\/\/yoast.com\/wordpress\/plugins\/seo\/ -->\n<title>Das Kirchweih-Team 2016 - K\u00e4rwa-Blog<\/title>\n<meta name=\"description\" content=\"Kirchweih R\u00fcckersdorf! Nicht nur f\u00fcr die R\u00fcckersdorfer K\u00e4rwaboum und -madla der H\u00f6hepunkt des Jahres!\" \/>\n<meta name=\"robots\" content=\"index, follow, max-snippet:-1, max-image-preview:large, max-video-preview:-1\" \/>\n<link rel=\"canonical\" href=\"https:\/\/www.kaerwa.com\/index.php\/kaerwabilder\/233-das-kirchweih-team-2016.html\" \/>\n<meta property=\"og:locale\" content=\"de_DE\" \/>\n<meta property=\"og:type\" content=\"article\" \/>\n<meta property=\"og:title\" content=\"Das Kirchweih-Team 2016 - K\u00e4rwa-Blog\" \/>\n<meta property=\"og:description\" content=\"Kirchweih R\u00fcckersdorf! Nicht nur f\u00fcr die R\u00fcckersdorfer K\u00e4rwaboum und -madla der H\u00f6hepunkt des Jahres!\" \/>\n<meta property=\"og:url\" content=\"https:\/\/www.kaerwa.com\/index.php\/kaerwabilder\/233-das-kirchweih-team-2016.html\" \/>\n<meta property=\"og:site_name\" content=\"K\u00e4rwa-Blog\" \/>\n<meta property=\"article:published_time\" content=\"2016-06-14T13:21:43+00:00\" \/>\n<meta property=\"article:modified_time\" content=\"2016-06-14T13:41:03+00:00\" \/>\n<meta property=\"og:image\" content=\"https:\/\/www.kaerwa.com\/blog\/wp-content\/uploads\/2016\/06\/K\u00e4rwa2016-1.jpg\" \/>\n\t<meta property=\"og:image:width\" content=\"1328\" \/>\n\t<meta property=\"og:image:height\" content=\"747\" \/>\n\t<meta property=\"og:image:type\" content=\"image\/jpeg\" \/>\n<meta name=\"twitter:card\" content=\"summary_large_image\" \/>\n<meta name=\"twitter:label1\" content=\"Verfasst von\" \/>\n\t<meta name=\"twitter:data1\" content=\"Igor Belarus\" \/>\n<script type=\"application\/ld+json\" class=\"yoast-schema-graph\">{\"@context\":\"https:\/\/schema.org\",\"@graph\":[{\"@type\":\"WebSite\",\"@id\":\"https:\/\/www.kaerwa.com\/#website\",\"url\":\"https:\/\/www.kaerwa.com\/\",\"name\":\"K\u00e4rwa-Blog\",\"description\":\"R\u00fcckersdorfer K\u00e4rwaboum und -madla\",\"potentialAction\":[{\"@type\":\"SearchAction\",\"target\":{\"@type\":\"EntryPoint\",\"urlTemplate\":\"https:\/\/www.kaerwa.com\/?s={search_term_string}\"},\"query-input\":\"required name=search_term_string\"}],\"inLanguage\":\"de\"},{\"@type\":\"ImageObject\",\"@id\":\"https:\/\/www.kaerwa.com\/index.php\/kaerwabilder\/233-das-kirchweih-team-2016.html#primaryimage\",\"inLanguage\":\"de\",\"url\":\"https:\/\/www.kaerwa.com\/blog\/wp-content\/uploads\/2016\/06\/K\u00e4rwa2016-1.jpg\",\"contentUrl\":\"https:\/\/www.kaerwa.com\/blog\/wp-content\/uploads\/2016\/06\/K\u00e4rwa2016-1.jpg\",\"width\":1328,\"height\":747},{\"@type\":\"WebPage\",\"@id\":\"https:\/\/www.kaerwa.com\/index.php\/kaerwabilder\/233-das-kirchweih-team-2016.html#webpage\",\"url\":\"https:\/\/www.kaerwa.com\/index.php\/kaerwabilder\/233-das-kirchweih-team-2016.html\",\"name\":\"Das Kirchweih-Team 2016 - K\u00e4rwa-Blog\",\"isPartOf\":{\"@id\":\"https:\/\/www.kaerwa.com\/#website\"},\"primaryImageOfPage\":{\"@id\":\"https:\/\/www.kaerwa.com\/index.php\/kaerwabilder\/233-das-kirchweih-team-2016.html#primaryimage\"},\"datePublished\":\"2016-06-14T13:21:43+00:00\",\"dateModified\":\"2016-06-14T13:41:03+00:00\",\"author\":{\"@id\":\"https:\/\/www.kaerwa.com\/#\/schema\/person\/277075e2a39c4b2960eda0b29194988e\"},\"description\":\"Kirchweih R\u00fcckersdorf! Nicht nur f\u00fcr die R\u00fcckersdorfer K\u00e4rwaboum und -madla der H\u00f6hepunkt des Jahres!\",\"breadcrumb\":{\"@id\":\"https:\/\/www.kaerwa.com\/index.php\/kaerwabilder\/233-das-kirchweih-team-2016.html#breadcrumb\"},\"inLanguage\":\"de\",\"potentialAction\":[{\"@type\":\"ReadAction\",\"target\":[\"https:\/\/www.kaerwa.com\/index.php\/kaerwabilder\/233-das-kirchweih-team-2016.html\"]}]},{\"@type\":\"BreadcrumbList\",\"@id\":\"https:\/\/www.kaerwa.com\/index.php\/kaerwabilder\/233-das-kirchweih-team-2016.html#breadcrumb\",\"itemListElement\":[{\"@type\":\"ListItem\",\"position\":1,\"name\":\"Startseite\",\"item\":\"https:\/\/www.kaerwa.com\/\"},{\"@type\":\"ListItem\",\"position\":2,\"name\":\"Das Kirchweih-Team 2016\"}]},{\"@type\":\"Person\",\"@id\":\"https:\/\/www.kaerwa.com\/#\/schema\/person\/277075e2a39c4b2960eda0b29194988e\",\"name\":\"Igor Belarus\",\"image\":{\"@type\":\"ImageObject\",\"@id\":\"https:\/\/www.kaerwa.com\/#personlogo\",\"inLanguage\":\"de\",\"url\":\"https:\/\/secure.gravatar.com\/avatar\/0b97045d6c98d00367df4554ebe5d8c4?s=96&d=mm&r=g\",\"contentUrl\":\"https:\/\/secure.gravatar.com\/avatar\/0b97045d6c98d00367df4554ebe5d8c4?s=96&d=mm&r=g\",\"caption\":\"Igor Belarus\"},\"sameAs\":[\"https:\/\/www.kaerwa.com\"],\"url\":\"https:\/\/www.kaerwa.com\/index.php\/author\/andy\"}]}<\/script>\n<!-- \/ Yoast SEO plugin. -->","yoast_head_json":{"title":"Das Kirchweih-Team 2016 - K\u00e4rwa-Blog","description":"Kirchweih R\u00fcckersdorf! Nicht nur f\u00fcr die R\u00fcckersdorfer K\u00e4rwaboum und -madla der H\u00f6hepunkt des Jahres!","robots":{"index":"index","follow":"follow","max-snippet":"max-snippet:-1","max-image-preview":"max-image-preview:large","max-video-preview":"max-video-preview:-1"},"canonical":"https:\/\/www.kaerwa.com\/index.php\/kaerwabilder\/233-das-kirchweih-team-2016.html","og_locale":"de_DE","og_type":"article","og_title":"Das Kirchweih-Team 2016 - K\u00e4rwa-Blog","og_description":"Kirchweih R\u00fcckersdorf! Nicht nur f\u00fcr die R\u00fcckersdorfer K\u00e4rwaboum und -madla der H\u00f6hepunkt des Jahres!","og_url":"https:\/\/www.kaerwa.com\/index.php\/kaerwabilder\/233-das-kirchweih-team-2016.html","og_site_name":"K\u00e4rwa-Blog","article_published_time":"2016-06-14T13:21:43+00:00","article_modified_time":"2016-06-14T13:41:03+00:00","og_image":[{"width":1328,"height":747,"url":"https:\/\/www.kaerwa.com\/blog\/wp-content\/uploads\/2016\/06\/K\u00e4rwa2016-1.jpg","type":"image\/jpeg"}],"twitter_card":"summary_large_image","twitter_misc":{"Verfasst von":"Igor Belarus"},"schema":{"@context":"https:\/\/schema.org","@graph":[{"@type":"WebSite","@id":"https:\/\/www.kaerwa.com\/#website","url":"https:\/\/www.kaerwa.com\/","name":"K\u00e4rwa-Blog","description":"R\u00fcckersdorfer K\u00e4rwaboum und -madla","potentialAction":[{"@type":"SearchAction","target":{"@type":"EntryPoint","urlTemplate":"https:\/\/www.kaerwa.com\/?s={search_term_string}"},"query-input":"required name=search_term_string"}],"inLanguage":"de"},{"@type":"ImageObject","@id":"https:\/\/www.kaerwa.com\/index.php\/kaerwabilder\/233-das-kirchweih-team-2016.html#primaryimage","inLanguage":"de","url":"https:\/\/www.kaerwa.com\/blog\/wp-content\/uploads\/2016\/06\/K\u00e4rwa2016-1.jpg","contentUrl":"https:\/\/www.kaerwa.com\/blog\/wp-content\/uploads\/2016\/06\/K\u00e4rwa2016-1.jpg","width":1328,"height":747},{"@type":"WebPage","@id":"https:\/\/www.kaerwa.com\/index.php\/kaerwabilder\/233-das-kirchweih-team-2016.html#webpage","url":"https:\/\/www.kaerwa.com\/index.php\/kaerwabilder\/233-das-kirchweih-team-2016.html","name":"Das Kirchweih-Team 2016 - K\u00e4rwa-Blog","isPartOf":{"@id":"https:\/\/www.kaerwa.com\/#website"},"primaryImageOfPage":{"@id":"https:\/\/www.kaerwa.com\/index.php\/kaerwabilder\/233-das-kirchweih-team-2016.html#primaryimage"},"datePublished":"2016-06-14T13:21:43+00:00","dateModified":"2016-06-14T13:41:03+00:00","author":{"@id":"https:\/\/www.kaerwa.com\/#\/schema\/person\/277075e2a39c4b2960eda0b29194988e"},"description":"Kirchweih R\u00fcckersdorf! Nicht nur f\u00fcr die R\u00fcckersdorfer K\u00e4rwaboum und -madla der H\u00f6hepunkt des Jahres!","breadcrumb":{"@id":"https:\/\/www.kaerwa.com\/index.php\/kaerwabilder\/233-das-kirchweih-team-2016.html#breadcrumb"},"inLanguage":"de","potentialAction":[{"@type":"ReadAction","target":["https:\/\/www.kaerwa.com\/index.php\/kaerwabilder\/233-das-kirchweih-team-2016.html"]}]},{"@type":"BreadcrumbList","@id":"https:\/\/www.kaerwa.com\/index.php\/kaerwabilder\/233-das-kirchweih-team-2016.html#breadcrumb","itemListElement":[{"@type":"ListItem","position":1,"name":"Startseite","item":"https:\/\/www.kaerwa.com\/"},{"@type":"ListItem","position":2,"name":"Das Kirchweih-Team 2016"}]},{"@type":"Person","@id":"https:\/\/www.kaerwa.com\/#\/schema\/person\/277075e2a39c4b2960eda0b29194988e","name":"Igor Belarus","image":{"@type":"ImageObject","@id":"https:\/\/www.kaerwa.com\/#personlogo","inLanguage":"de","url":"https:\/\/secure.gravatar.com\/avatar\/0b97045d6c98d00367df4554ebe5d8c4?s=96&d=mm&r=g","contentUrl":"https:\/\/secure.gravatar.com\/avatar\/0b97045d6c98d00367df4554ebe5d8c4?s=96&d=mm&r=g","caption":"Igor Belarus"},"sameAs":["https:\/\/www.kaerwa.com"],"url":"https:\/\/www.kaerwa.com\/index.php\/author\/andy"}]}},"_links":{"self":[{"href":"https:\/\/www.kaerwa.com\/index.php\/wp-json\/wp\/v2\/posts\/233"}],"collection":[{"href":"https:\/\/www.kaerwa.com\/index.php\/wp-json\/wp\/v2\/posts"}],"about":[{"href":"https:\/\/www.kaerwa.com\/index.php\/wp-json\/wp\/v2\/types\/post"}],"author":[{"embeddable":true,"href":"https:\/\/www.kaerwa.com\/index.php\/wp-json\/wp\/v2\/users\/2"}],"replies":[{"embeddable":true,"href":"https:\/\/www.kaerwa.com\/index.php\/wp-json\/wp\/v2\/comments?post=233"}],"version-history":[{"count":4,"href":"https:\/\/www.kaerwa.com\/index.php\/wp-json\/wp\/v2\/posts\/233\/revisions"}],"predecessor-version":[{"id":240,"href":"https:\/\/www.kaerwa.com\/index.php\/wp-json\/wp\/v2\/posts\/233\/revisions\/240"}],"wp:featuredmedia":[{"embeddable":true,"href":"https:\/\/www.kaerwa.com\/index.php\/wp-json\/wp\/v2\/media\/244"}],"wp:attachment":[{"href":"https:\/\/www.kaerwa.com\/index.php\/wp-json\/wp\/v2\/media?parent=233"}],"wp:term":[{"taxonomy":"category","embeddable":true,"href":"https:\/\/www.kaerwa.com\/index.php\/wp-json\/wp\/v2\/categories?post=233"},{"taxonomy":"post_tag","embeddable":true,"href":"https:\/\/www.kaerwa.com\/index.php\/wp-json\/wp\/v2\/tags?post=233"}],"curies":[{"name":"wp","href":"https:\/\/api.w.org\/{rel}","templated":true}]}}