{"id":11,"date":"2007-06-29T23:01:47","date_gmt":"2007-06-29T22:01:47","guid":{"rendered":"http:\/\/kaerwa.com\/blog\/index.php\/kaerwablog\/11-kaerwaboum-und-madla-rueckersdorf-franken-feiert-kirchweih.html"},"modified":"2024-07-23T13:19:56","modified_gmt":"2024-07-23T12:19:56","slug":"kaerwaboum-und-madla-rueckersdorf-franken-feiert-kirchweih","status":"publish","type":"post","link":"https:\/\/www.kaerwa.com\/index.php\/kaerwablog\/11-kaerwaboum-und-madla-rueckersdorf-franken-feiert-kirchweih.html","title":{"rendered":"K\u00e4rwaboum und -madla R\u00fcckersdorf! Franken feiert Kirchweih!"},"content":{"rendered":"<p>Hier finden Sie Bilder vom &#8220;<a href=\"https:\/\/www.kaerwa.com\/kaerwa04\/html\/04vogel.html\" title=\"Bilder vom Ausgraben der K\u00e4rwa 2004\" target=\"_blank\" rel=\"noopener\">K\u00e4rwa ausgraben<\/a>&#8221; und <a href=\"https:\/\/www.kaerwa.com\/kaerwa05\/html\/05vogel.html\" title=\"Bilder vom Voglsubbmessn und Ausgraben der K\u00e4rwa 2005\" target=\"_blank\" rel=\"noopener\">Vogelsuppenessen<\/a>! Vom <a href=\"https:\/\/www.kaerwa.com\/kaerwa2006\/html\/06_Kaerwa_Baumaufstellen.html\" title=\"Bilder vom Baumaufstellen 2006\" target=\"_blank\" rel=\"noopener\">Baumaufstellen<\/a> und der dazugeh\u00f6rigen <a href=\"https:\/\/www.kaerwa.com\/kaerwa04\/html\/04wache.html\" title=\"Bilder von 2004\" target=\"_blank\" rel=\"noopener\">Baumwache<\/a>! Vom <a href=\"https:\/\/www.kaerwa.com\/kaerwa03\/html\/azelt.html\" title=\"Bilder vom Nageln (Nochln) 2003\" target=\"_blank\" rel=\"noopener\">Noochln (Nageln)<\/a>, vom Autoscooter, vom Feiern im Gasthaus &#8220;Wei\u00dfer Schwan&#8221; und im &#8220;Roter Ochse&#8221;, vom Eilwagenfahren, <a href=\"https:\/\/www.kaerwa.com\/kaerwa04\/html\/04austanzen.html\" title=\"Bilder vom Baumaustanzen 2004\" target=\"_blank\" rel=\"noopener\">Baumaustanzen oder Betzenaustanzen<\/a>, vom <a href=\"https:\/\/www.kaerwa.com\/kaerwa04\/html\/04schupp.html\" title=\"Bilder vom Schubkarrenrennen R\u00fcckersdorf 2004\" target=\"_blank\" rel=\"noopener\">Schubkarrenrennen <\/a>R\u00fcckersdorf, von der Versteigerung (<a href=\"https:\/\/www.kaerwa.com\/kaerwa04\/html\/04verst.html\" title=\"Bilder der K\u00e4rwabaumversteigerung 2004\" target=\"_blank\" rel=\"noopener\">Baumversteigerung<\/a>) oder <a href=\"https:\/\/www.kaerwa.com\/kaerwa2006\/html\/06_Kaerwa_Verlosung.html\" title=\"Bilder von der Verlosung 2006\" target=\"_blank\" rel=\"noopener\">Verlosung unseres K\u00e4rwabaumes<\/a> und nat\u00fcrlich vom <a href=\"https:\/\/www.kaerwa.com\/kaerwa04\/html\/04ende.html\" title=\"Bilder der K\u00e4rwabeerdigung 2004\" target=\"_blank\" rel=\"noopener\">K\u00e4rwa-Ende<\/a> (K\u00e4rwa eingraben oder beerdigen)!<\/p>\n<p><!--adsense#Linkleiste--><\/p>\n<p><!--more--><\/p>\n<p><img src=\"https:\/\/www.kaerwa.com\/Kaerwa_Kirchweih.jpg\" title=\"Die offizielle Seite der R\u00fcckersdorfer K\u00e4rwaboum und -madla! Franken feiert Kaerwa (Kirchweih, K\u00e4rwa, Kerwa) in R\u00fcckersdorf, dem Zentrum von Mittelfranken!\" alt=\"Die offizielle Seite der R\u00fcckersdorfer K\u00e4rwaboum und -madla! Franken feiert Kaerwa (Kirchweih, K\u00e4rwa, Kerwa) in R\u00fcckersdorf, dem Zentrum von Mittelfranken!\" align=\"middle\" \/><\/p>\n<p>Fr\u00e4nkische K\u00e4rwa in R\u00fcckersdorf mit Eilwagenfahren und Schuppkarrenrennen<\/p>\n<p>Egal ob K\u00e4rwa, Kerwa oder Kirwa! R\u00fcckersdorfer K\u00e4rwaboum (Kirwaboum) und -madla feiern!<\/p>\n","protected":false},"excerpt":{"rendered":"<p>Hier finden Sie Bilder vom &#8220;K\u00e4rwa ausgraben&#8221; und Vogelsuppenessen! Vom Baumaufstellen und der dazugeh\u00f6rigen Baumwache! Vom Noochln (Nageln), vom Autoscooter, vom Feiern im Gasthaus &#8220;Wei\u00dfer Schwan&#8221; und im &#8220;Roter Ochse&#8221;, &hellip; <a class=\"readmore\" href=\"https:\/\/www.kaerwa.com\/index.php\/kaerwablog\/11-kaerwaboum-und-madla-rueckersdorf-franken-feiert-kirchweih.html\">Continue Reading &rarr;<\/a><\/p>\n","protected":false},"author":2,"featured_media":0,"comment_status":"open","ping_status":"open","sticky":false,"template":"","format":"standard","meta":[],"categories":[1],"tags":[36,47,46],"acf":[],"jetpack_featured_media_url":"","yoast_head":"<!-- This site is optimized with the Yoast SEO plugin v18.2 - https:\/\/yoast.com\/wordpress\/plugins\/seo\/ -->\n<title>K\u00e4rwaboum und -madla R\u00fcckersdorf! Franken feiert Kirchweih! - K\u00e4rwa-Blog<\/title>\n<meta name=\"description\" content=\"Kirchweih R\u00fcckersdorf! Nicht nur f\u00fcr die R\u00fcckersdorfer K\u00e4rwaboum und -madla der H\u00f6hepunkt des Jahres!\" \/>\n<meta name=\"robots\" content=\"index, follow, max-snippet:-1, max-image-preview:large, max-video-preview:-1\" \/>\n<link rel=\"canonical\" href=\"https:\/\/www.kaerwa.com\/index.php\/kaerwablog\/11-kaerwaboum-und-madla-rueckersdorf-franken-feiert-kirchweih.html\" \/>\n<meta property=\"og:locale\" content=\"de_DE\" \/>\n<meta property=\"og:type\" content=\"article\" \/>\n<meta property=\"og:title\" content=\"K\u00e4rwaboum und -madla R\u00fcckersdorf! Franken feiert Kirchweih! - K\u00e4rwa-Blog\" \/>\n<meta property=\"og:description\" content=\"Kirchweih R\u00fcckersdorf! Nicht nur f\u00fcr die R\u00fcckersdorfer K\u00e4rwaboum und -madla der H\u00f6hepunkt des Jahres!\" \/>\n<meta property=\"og:url\" content=\"https:\/\/www.kaerwa.com\/index.php\/kaerwablog\/11-kaerwaboum-und-madla-rueckersdorf-franken-feiert-kirchweih.html\" \/>\n<meta property=\"og:site_name\" content=\"K\u00e4rwa-Blog\" \/>\n<meta property=\"article:published_time\" content=\"2007-06-29T22:01:47+00:00\" \/>\n<meta property=\"article:modified_time\" content=\"2024-07-23T12:19:56+00:00\" \/>\n<meta property=\"og:image\" content=\"https:\/\/www.kaerwa.com\/Kaerwa_Kirchweih.jpg\" \/>\n<meta name=\"twitter:card\" content=\"summary_large_image\" \/>\n<meta name=\"twitter:label1\" content=\"Verfasst von\" \/>\n\t<meta name=\"twitter:data1\" content=\"Igor Belarus\" \/>\n<script type=\"application\/ld+json\" class=\"yoast-schema-graph\">{\"@context\":\"https:\/\/schema.org\",\"@graph\":[{\"@type\":\"WebSite\",\"@id\":\"https:\/\/www.kaerwa.com\/#website\",\"url\":\"https:\/\/www.kaerwa.com\/\",\"name\":\"K\u00e4rwa-Blog\",\"description\":\"R\u00fcckersdorfer K\u00e4rwaboum und -madla\",\"potentialAction\":[{\"@type\":\"SearchAction\",\"target\":{\"@type\":\"EntryPoint\",\"urlTemplate\":\"https:\/\/www.kaerwa.com\/?s={search_term_string}\"},\"query-input\":\"required name=search_term_string\"}],\"inLanguage\":\"de\"},{\"@type\":\"ImageObject\",\"@id\":\"https:\/\/www.kaerwa.com\/index.php\/kaerwablog\/11-kaerwaboum-und-madla-rueckersdorf-franken-feiert-kirchweih.html#primaryimage\",\"inLanguage\":\"de\",\"url\":\"https:\/\/www.kaerwa.com\/Kaerwa_Kirchweih.jpg\",\"contentUrl\":\"https:\/\/www.kaerwa.com\/Kaerwa_Kirchweih.jpg\"},{\"@type\":\"WebPage\",\"@id\":\"https:\/\/www.kaerwa.com\/index.php\/kaerwablog\/11-kaerwaboum-und-madla-rueckersdorf-franken-feiert-kirchweih.html#webpage\",\"url\":\"https:\/\/www.kaerwa.com\/index.php\/kaerwablog\/11-kaerwaboum-und-madla-rueckersdorf-franken-feiert-kirchweih.html\",\"name\":\"K\u00e4rwaboum und -madla R\u00fcckersdorf! Franken feiert Kirchweih! - K\u00e4rwa-Blog\",\"isPartOf\":{\"@id\":\"https:\/\/www.kaerwa.com\/#website\"},\"primaryImageOfPage\":{\"@id\":\"https:\/\/www.kaerwa.com\/index.php\/kaerwablog\/11-kaerwaboum-und-madla-rueckersdorf-franken-feiert-kirchweih.html#primaryimage\"},\"datePublished\":\"2007-06-29T22:01:47+00:00\",\"dateModified\":\"2024-07-23T12:19:56+00:00\",\"author\":{\"@id\":\"https:\/\/www.kaerwa.com\/#\/schema\/person\/277075e2a39c4b2960eda0b29194988e\"},\"description\":\"Kirchweih R\u00fcckersdorf! Nicht nur f\u00fcr die R\u00fcckersdorfer K\u00e4rwaboum und -madla der H\u00f6hepunkt des Jahres!\",\"breadcrumb\":{\"@id\":\"https:\/\/www.kaerwa.com\/index.php\/kaerwablog\/11-kaerwaboum-und-madla-rueckersdorf-franken-feiert-kirchweih.html#breadcrumb\"},\"inLanguage\":\"de\",\"potentialAction\":[{\"@type\":\"ReadAction\",\"target\":[\"https:\/\/www.kaerwa.com\/index.php\/kaerwablog\/11-kaerwaboum-und-madla-rueckersdorf-franken-feiert-kirchweih.html\"]}]},{\"@type\":\"BreadcrumbList\",\"@id\":\"https:\/\/www.kaerwa.com\/index.php\/kaerwablog\/11-kaerwaboum-und-madla-rueckersdorf-franken-feiert-kirchweih.html#breadcrumb\",\"itemListElement\":[{\"@type\":\"ListItem\",\"position\":1,\"name\":\"Startseite\",\"item\":\"https:\/\/www.kaerwa.com\/\"},{\"@type\":\"ListItem\",\"position\":2,\"name\":\"K\u00e4rwaboum und -madla R\u00fcckersdorf! Franken feiert Kirchweih!\"}]},{\"@type\":\"Person\",\"@id\":\"https:\/\/www.kaerwa.com\/#\/schema\/person\/277075e2a39c4b2960eda0b29194988e\",\"name\":\"Igor Belarus\",\"image\":{\"@type\":\"ImageObject\",\"@id\":\"https:\/\/www.kaerwa.com\/#personlogo\",\"inLanguage\":\"de\",\"url\":\"https:\/\/secure.gravatar.com\/avatar\/0b97045d6c98d00367df4554ebe5d8c4?s=96&d=mm&r=g\",\"contentUrl\":\"https:\/\/secure.gravatar.com\/avatar\/0b97045d6c98d00367df4554ebe5d8c4?s=96&d=mm&r=g\",\"caption\":\"Igor Belarus\"},\"sameAs\":[\"https:\/\/www.kaerwa.com\"],\"url\":\"https:\/\/www.kaerwa.com\/index.php\/author\/andy\"}]}<\/script>\n<!-- \/ Yoast SEO plugin. -->","yoast_head_json":{"title":"K\u00e4rwaboum und -madla R\u00fcckersdorf! Franken feiert Kirchweih! - K\u00e4rwa-Blog","description":"Kirchweih R\u00fcckersdorf! Nicht nur f\u00fcr die R\u00fcckersdorfer K\u00e4rwaboum und -madla der H\u00f6hepunkt des Jahres!","robots":{"index":"index","follow":"follow","max-snippet":"max-snippet:-1","max-image-preview":"max-image-preview:large","max-video-preview":"max-video-preview:-1"},"canonical":"https:\/\/www.kaerwa.com\/index.php\/kaerwablog\/11-kaerwaboum-und-madla-rueckersdorf-franken-feiert-kirchweih.html","og_locale":"de_DE","og_type":"article","og_title":"K\u00e4rwaboum und -madla R\u00fcckersdorf! Franken feiert Kirchweih! - K\u00e4rwa-Blog","og_description":"Kirchweih R\u00fcckersdorf! Nicht nur f\u00fcr die R\u00fcckersdorfer K\u00e4rwaboum und -madla der H\u00f6hepunkt des Jahres!","og_url":"https:\/\/www.kaerwa.com\/index.php\/kaerwablog\/11-kaerwaboum-und-madla-rueckersdorf-franken-feiert-kirchweih.html","og_site_name":"K\u00e4rwa-Blog","article_published_time":"2007-06-29T22:01:47+00:00","article_modified_time":"2024-07-23T12:19:56+00:00","og_image":[{"url":"https:\/\/www.kaerwa.com\/Kaerwa_Kirchweih.jpg"}],"twitter_card":"summary_large_image","twitter_misc":{"Verfasst von":"Igor Belarus"},"schema":{"@context":"https:\/\/schema.org","@graph":[{"@type":"WebSite","@id":"https:\/\/www.kaerwa.com\/#website","url":"https:\/\/www.kaerwa.com\/","name":"K\u00e4rwa-Blog","description":"R\u00fcckersdorfer K\u00e4rwaboum und -madla","potentialAction":[{"@type":"SearchAction","target":{"@type":"EntryPoint","urlTemplate":"https:\/\/www.kaerwa.com\/?s={search_term_string}"},"query-input":"required name=search_term_string"}],"inLanguage":"de"},{"@type":"ImageObject","@id":"https:\/\/www.kaerwa.com\/index.php\/kaerwablog\/11-kaerwaboum-und-madla-rueckersdorf-franken-feiert-kirchweih.html#primaryimage","inLanguage":"de","url":"https:\/\/www.kaerwa.com\/Kaerwa_Kirchweih.jpg","contentUrl":"https:\/\/www.kaerwa.com\/Kaerwa_Kirchweih.jpg"},{"@type":"WebPage","@id":"https:\/\/www.kaerwa.com\/index.php\/kaerwablog\/11-kaerwaboum-und-madla-rueckersdorf-franken-feiert-kirchweih.html#webpage","url":"https:\/\/www.kaerwa.com\/index.php\/kaerwablog\/11-kaerwaboum-und-madla-rueckersdorf-franken-feiert-kirchweih.html","name":"K\u00e4rwaboum und -madla R\u00fcckersdorf! Franken feiert Kirchweih! - K\u00e4rwa-Blog","isPartOf":{"@id":"https:\/\/www.kaerwa.com\/#website"},"primaryImageOfPage":{"@id":"https:\/\/www.kaerwa.com\/index.php\/kaerwablog\/11-kaerwaboum-und-madla-rueckersdorf-franken-feiert-kirchweih.html#primaryimage"},"datePublished":"2007-06-29T22:01:47+00:00","dateModified":"2024-07-23T12:19:56+00:00","author":{"@id":"https:\/\/www.kaerwa.com\/#\/schema\/person\/277075e2a39c4b2960eda0b29194988e"},"description":"Kirchweih R\u00fcckersdorf! Nicht nur f\u00fcr die R\u00fcckersdorfer K\u00e4rwaboum und -madla der H\u00f6hepunkt des Jahres!","breadcrumb":{"@id":"https:\/\/www.kaerwa.com\/index.php\/kaerwablog\/11-kaerwaboum-und-madla-rueckersdorf-franken-feiert-kirchweih.html#breadcrumb"},"inLanguage":"de","potentialAction":[{"@type":"ReadAction","target":["https:\/\/www.kaerwa.com\/index.php\/kaerwablog\/11-kaerwaboum-und-madla-rueckersdorf-franken-feiert-kirchweih.html"]}]},{"@type":"BreadcrumbList","@id":"https:\/\/www.kaerwa.com\/index.php\/kaerwablog\/11-kaerwaboum-und-madla-rueckersdorf-franken-feiert-kirchweih.html#breadcrumb","itemListElement":[{"@type":"ListItem","position":1,"name":"Startseite","item":"https:\/\/www.kaerwa.com\/"},{"@type":"ListItem","position":2,"name":"K\u00e4rwaboum und -madla R\u00fcckersdorf! Franken feiert Kirchweih!"}]},{"@type":"Person","@id":"https:\/\/www.kaerwa.com\/#\/schema\/person\/277075e2a39c4b2960eda0b29194988e","name":"Igor Belarus","image":{"@type":"ImageObject","@id":"https:\/\/www.kaerwa.com\/#personlogo","inLanguage":"de","url":"https:\/\/secure.gravatar.com\/avatar\/0b97045d6c98d00367df4554ebe5d8c4?s=96&d=mm&r=g","contentUrl":"https:\/\/secure.gravatar.com\/avatar\/0b97045d6c98d00367df4554ebe5d8c4?s=96&d=mm&r=g","caption":"Igor Belarus"},"sameAs":["https:\/\/www.kaerwa.com"],"url":"https:\/\/www.kaerwa.com\/index.php\/author\/andy"}]}},"_links":{"self":[{"href":"https:\/\/www.kaerwa.com\/index.php\/wp-json\/wp\/v2\/posts\/11"}],"collection":[{"href":"https:\/\/www.kaerwa.com\/index.php\/wp-json\/wp\/v2\/posts"}],"about":[{"href":"https:\/\/www.kaerwa.com\/index.php\/wp-json\/wp\/v2\/types\/post"}],"author":[{"embeddable":true,"href":"https:\/\/www.kaerwa.com\/index.php\/wp-json\/wp\/v2\/users\/2"}],"replies":[{"embeddable":true,"href":"https:\/\/www.kaerwa.com\/index.php\/wp-json\/wp\/v2\/comments?post=11"}],"version-history":[{"count":1,"href":"https:\/\/www.kaerwa.com\/index.php\/wp-json\/wp\/v2\/posts\/11\/revisions"}],"predecessor-version":[{"id":733,"href":"https:\/\/www.kaerwa.com\/index.php\/wp-json\/wp\/v2\/posts\/11\/revisions\/733"}],"wp:attachment":[{"href":"https:\/\/www.kaerwa.com\/index.php\/wp-json\/wp\/v2\/media?parent=11"}],"wp:term":[{"taxonomy":"category","embeddable":true,"href":"https:\/\/www.kaerwa.com\/index.php\/wp-json\/wp\/v2\/categories?post=11"},{"taxonomy":"post_tag","embeddable":true,"href":"https:\/\/www.kaerwa.com\/index.php\/wp-json\/wp\/v2\/tags?post=11"}],"curies":[{"name":"wp","href":"https:\/\/api.w.org\/{rel}","templated":true}]}}